{"id":28377,"date":"2026-09-02T09:21:52","date_gmt":"2026-09-02T13:21:52","guid":{"rendered":"https:\/\/sdc-cotedesneiges.ca\/5e-edition-anniversaire-de-lacombe-pietonne-la-rentree-sanime-a-cote-des-neiges\/"},"modified":"2026-09-02T09:22:03","modified_gmt":"2026-09-02T13:22:03","slug":"5e-edition-anniversaire-de-lacombe-pietonne-la-rentree-sanime-a-cote-des-neiges","status":"publish","type":"post","link":"https:\/\/sdc-cotedesneiges.ca\/en\/5e-edition-anniversaire-de-lacombe-pietonne-la-rentree-sanime-a-cote-des-neiges\/","title":{"rendered":"5e \u00e9dition anniversaire de Lacombe pi\u00e9tonne : la rentr\u00e9e s\u2019anime \u00e0 C\u00f4te-des-Neiges !"},"content":{"rendered":"\n<p><strong>Montr\u00e9al, le 31 ao\u00fbt 2026 <\/strong>\u2013 La SDC C\u00f4te-des-Neiges invite les m\u00e9dias et la population \u00e0 la 5e \u00e9dition de Lacombe pi\u00e9tonne, un \u00e9v\u00e9nement incontournable de la rentr\u00e9e qui se d\u00e9roulera du 10 au 13 septembre au c\u0153ur de C\u00f4te-des-Neiges. Pendant ces quatre jours, Lacombe pi\u00e9tonne ! promet une programmation compl\u00e8tement gratuite, accessible \u00e0 tous et remplie de d\u00e9couvertes culturelles.<\/p>\n\n\n\n<p>5 ans \u00e0 faire vibrer C\u00f4te-des-Neiges !<\/p>\n\n\n\n<p>Une \u00e9dition festive et rassembleuse qui souligne cinq ans d\u2019un concept urbain devenu un rendez-vous incontournable \u00e0 C\u00f4te-des-Neiges. \u00c0 mi-chemin entre festival et pi\u00e9tonnisation festive, l\u2019\u00e9v\u00e9nement transforme l\u2019avenue Lacombe en un v\u00e9ritable lieu de rencontre et de vie. Sous le th\u00e8me \u00ab Les plages du monde \u00bb, cette \u00e9dition c\u00e9l\u00e8bre la diversit\u00e9, la vitalit\u00e9 et l\u2019appropriation collective du quartier.<\/p>\n\n\n\n<p>Au programme :<\/p>\n\n\n\n<p>10 septembre : Jour d\u2019inauguration&nbsp;&amp; international<\/p>\n\n\n\n<ul class=\"wp-block-list\">\n<li>L\u2019Avant-spectacle de la rentr\u00e9e de la FA\u00c9CUM, DJ Set, murale participative et discours officiels par Mme F\u00e9licia Balzano, directrice g\u00e9n\u00e9rale de la SDC C\u00f4te-des-Neiges et Mme la mairesse de C\u00f4te-des-Neiges-Notre-Dame-de-Gr\u00e2ce, St\u00e9phanie Valenzuela.<\/li>\n<\/ul>\n\n\n\n<p>11 septembre&nbsp;: Vendredi sur Lacombe ! (Afrique &amp; Am\u00e9rique du Sud)<\/p>\n\n\n\n<ul class=\"wp-block-list\">\n<li>Art et yoga urbain, spectacle de samba, danse par Uplift514, karaok\u00e9, DJ Sets, mascotte et kiosques des commer\u00e7ants.<\/li>\n<\/ul>\n\n\n\n<p>12 septembre : Block Party (Asie &amp; Oc\u00e9anie)<\/p>\n\n\n\n<ul class=\"wp-block-list\">\n<li>Rassemblement de Shibas avec ASIASIE, Block party avec Bonne Famille, concert de Cherry Kim, spectacle de danse hawa\u00efenne et de lions chinois, DJ Sets et animations de rue.<\/li>\n<\/ul>\n\n\n\n<p>13 septembre : Bien-\u00eatre (Europe &amp; Am\u00e9rique du Nord)<\/p>\n\n\n\n<ul class=\"wp-block-list\">\n<li>DJ Set de CISM 89,3 FM, murale participative, yoga urbain, concours et plus !<\/li>\n<\/ul>\n\n\n\n<p>\u00c0 cette programmation s\u2019ajoutent d\u2019autres surprises qui vous attendent sur place !<\/p>\n\n\n\n<p>Cet \u00e9v\u00e9nement est une initiative de la SDC C\u00f4te-des-Neiges. Nous remercions nos partenaires&nbsp;: l\u2019Arrondissement C\u00f4te-des-Neiges-Notre-Dame-de-Gr\u00e2ce, la Ville de Montr\u00e9al, les commer\u00e7ants de la SDC C\u00f4te-des-Neiges, la radio CISM 89,3 FM et les \u00e9v\u00e9nements ASIASIE.<\/p>\n\n\n\n<p>Aide-m\u00e9moire :<\/p>\n\n\n\n<ul class=\"wp-block-list\">\n<li>Quoi : Lacombe pi\u00e9tonne ! (5<sup>e<\/sup> \u00e9dition)<\/li>\n\n\n\n<li>Quand : Du jeudi 10 au dimanche 13 septembre<\/li>\n\n\n\n<li>O\u00f9 : Sur l\u2019avenue Lacombe, de la rue Gatineau au chemin de la C\u00f4te-des-Neiges<\/li>\n\n\n\n<li>Opportunit\u00e9s photos et vid\u00e9os en direct, disponibilit\u00e9 de Mme F\u00e9licia Balzano, directrice g\u00e9n\u00e9rale de la SDC C\u00f4te-des-Neiges et certains artistes pour entrevues.<\/li>\n\n\n\n<li>D\u00e9tails et programmation : lacombepietonne.ca et sur les r\u00e9seaux sociaux de la SDC C\u00f4te-des-Neiges.<\/li>\n<\/ul>\n\n\n\n<p><strong>-30-<\/strong><\/p>\n","protected":false},"excerpt":{"rendered":"<p>Montr\u00e9al, le 31 ao\u00fbt 2026 \u2013 La SDC C\u00f4te-des-Neiges invite les m\u00e9dias et la population&#8230; <a class=\"read-more\" href=\"https:\/\/sdc-cotedesneiges.ca\/en\/5e-edition-anniversaire-de-lacombe-pietonne-la-rentree-sanime-a-cote-des-neiges\/\">Read More <i class=\"fas fa-arrow-right\"><\/i><\/a><\/p>\n","protected":false},"author":2,"featured_media":28065,"comment_status":"closed","ping_status":"closed","sticky":false,"template":"","format":"standard","meta":{"_acf_changed":false,"footnotes":""},"categories":[943],"tags":[],"class_list":["post-28377","post","type-post","status-publish","format-standard","has-post-thumbnail","hentry","category-news"],"acf":[],"yoast_head":"<!-- This site is optimized with the Yoast SEO plugin v24.5 - https:\/\/yoast.com\/wordpress\/plugins\/seo\/ -->\n<title>5e \u00e9dition anniversaire de Lacombe pi\u00e9tonne : la rentr\u00e9e s\u2019anime \u00e0 C\u00f4te-des-Neiges ! - SDC C\u00f4te-des-Neiges<\/title>\n<meta name=\"robots\" content=\"index, follow, max-snippet:-1, max-image-preview:large, max-video-preview:-1\" \/>\n<link rel=\"canonical\" href=\"https:\/\/sdc-cotedesneiges.ca\/en\/5e-edition-anniversaire-de-lacombe-pietonne-la-rentree-sanime-a-cote-des-neiges\/\" \/>\n<meta property=\"og:locale\" content=\"en_US\" \/>\n<meta property=\"og:type\" content=\"article\" \/>\n<meta property=\"og:title\" content=\"5e \u00e9dition anniversaire de Lacombe pi\u00e9tonne : la rentr\u00e9e s\u2019anime \u00e0 C\u00f4te-des-Neiges ! - SDC C\u00f4te-des-Neiges\" \/>\n<meta property=\"og:description\" content=\"Montr\u00e9al, le 31 ao\u00fbt 2026 \u2013 La SDC C\u00f4te-des-Neiges invite les m\u00e9dias et la population... Read More\" \/>\n<meta property=\"og:url\" content=\"https:\/\/sdc-cotedesneiges.ca\/en\/5e-edition-anniversaire-de-lacombe-pietonne-la-rentree-sanime-a-cote-des-neiges\/\" \/>\n<meta property=\"og:site_name\" content=\"SDC C\u00f4te-des-Neiges\" \/>\n<meta property=\"article:publisher\" content=\"https:\/\/www.facebook.com\/sdc.cotedesneiges\/\" \/>\n<meta property=\"article:published_time\" content=\"2026-09-02T13:21:52+00:00\" \/>\n<meta property=\"article:modified_time\" content=\"2026-09-02T13:22:03+00:00\" \/>\n<meta property=\"og:image\" content=\"https:\/\/sdc-cotedesneiges.ca\/wp-content\/uploads\/2026\/07\/Lacombe_pietonne_j1_SoleneBroisin-WEB-46-scaled.jpg\" \/>\n\t<meta property=\"og:image:width\" content=\"2560\" \/>\n\t<meta property=\"og:image:height\" content=\"1707\" \/>\n\t<meta property=\"og:image:type\" content=\"image\/jpeg\" \/>\n<meta name=\"author\" content=\"SDC C\u00f4te-des-Neiges\" \/>\n<meta name=\"twitter:card\" content=\"summary_large_image\" \/>\n<meta name=\"twitter:label1\" content=\"Written by\" \/>\n\t<meta name=\"twitter:data1\" content=\"SDC C\u00f4te-des-Neiges\" \/>\n\t<meta name=\"twitter:label2\" content=\"Est. reading time\" \/>\n\t<meta name=\"twitter:data2\" content=\"2 minutes\" \/>\n<script type=\"application\/ld+json\" class=\"yoast-schema-graph\">{\"@context\":\"https:\/\/schema.org\",\"@graph\":[{\"@type\":\"Article\",\"@id\":\"https:\/\/sdc-cotedesneiges.ca\/en\/5e-edition-anniversaire-de-lacombe-pietonne-la-rentree-sanime-a-cote-des-neiges\/#article\",\"isPartOf\":{\"@id\":\"https:\/\/sdc-cotedesneiges.ca\/en\/5e-edition-anniversaire-de-lacombe-pietonne-la-rentree-sanime-a-cote-des-neiges\/\"},\"author\":{\"name\":\"SDC C\u00f4te-des-Neiges\",\"@id\":\"https:\/\/sdc-cotedesneiges.ca\/en\/#\/schema\/person\/fb858af0cf51c6b73bc4ea850893ab86\"},\"headline\":\"5e \u00e9dition anniversaire de Lacombe pi\u00e9tonne : la rentr\u00e9e s\u2019anime \u00e0 C\u00f4te-des-Neiges !\",\"datePublished\":\"2026-09-02T13:21:52+00:00\",\"dateModified\":\"2026-09-02T13:22:03+00:00\",\"mainEntityOfPage\":{\"@id\":\"https:\/\/sdc-cotedesneiges.ca\/en\/5e-edition-anniversaire-de-lacombe-pietonne-la-rentree-sanime-a-cote-des-neiges\/\"},\"wordCount\":418,\"publisher\":{\"@id\":\"https:\/\/sdc-cotedesneiges.ca\/en\/#organization\"},\"image\":{\"@id\":\"https:\/\/sdc-cotedesneiges.ca\/en\/5e-edition-anniversaire-de-lacombe-pietonne-la-rentree-sanime-a-cote-des-neiges\/#primaryimage\"},\"thumbnailUrl\":\"https:\/\/sdc-cotedesneiges.ca\/wp-content\/uploads\/2026\/07\/Lacombe_pietonne_j1_SoleneBroisin-WEB-46-scaled.jpg\",\"articleSection\":[\"News\"],\"inLanguage\":\"en-US\"},{\"@type\":\"WebPage\",\"@id\":\"https:\/\/sdc-cotedesneiges.ca\/en\/5e-edition-anniversaire-de-lacombe-pietonne-la-rentree-sanime-a-cote-des-neiges\/\",\"url\":\"https:\/\/sdc-cotedesneiges.ca\/en\/5e-edition-anniversaire-de-lacombe-pietonne-la-rentree-sanime-a-cote-des-neiges\/\",\"name\":\"5e \u00e9dition anniversaire de Lacombe pi\u00e9tonne : la rentr\u00e9e s\u2019anime \u00e0 C\u00f4te-des-Neiges ! - SDC C\u00f4te-des-Neiges\",\"isPartOf\":{\"@id\":\"https:\/\/sdc-cotedesneiges.ca\/en\/#website\"},\"primaryImageOfPage\":{\"@id\":\"https:\/\/sdc-cotedesneiges.ca\/en\/5e-edition-anniversaire-de-lacombe-pietonne-la-rentree-sanime-a-cote-des-neiges\/#primaryimage\"},\"image\":{\"@id\":\"https:\/\/sdc-cotedesneiges.ca\/en\/5e-edition-anniversaire-de-lacombe-pietonne-la-rentree-sanime-a-cote-des-neiges\/#primaryimage\"},\"thumbnailUrl\":\"https:\/\/sdc-cotedesneiges.ca\/wp-content\/uploads\/2026\/07\/Lacombe_pietonne_j1_SoleneBroisin-WEB-46-scaled.jpg\",\"datePublished\":\"2026-09-02T13:21:52+00:00\",\"dateModified\":\"2026-09-02T13:22:03+00:00\",\"breadcrumb\":{\"@id\":\"https:\/\/sdc-cotedesneiges.ca\/en\/5e-edition-anniversaire-de-lacombe-pietonne-la-rentree-sanime-a-cote-des-neiges\/#breadcrumb\"},\"inLanguage\":\"en-US\",\"potentialAction\":[{\"@type\":\"ReadAction\",\"target\":[\"https:\/\/sdc-cotedesneiges.ca\/en\/5e-edition-anniversaire-de-lacombe-pietonne-la-rentree-sanime-a-cote-des-neiges\/\"]}]},{\"@type\":\"ImageObject\",\"inLanguage\":\"en-US\",\"@id\":\"https:\/\/sdc-cotedesneiges.ca\/en\/5e-edition-anniversaire-de-lacombe-pietonne-la-rentree-sanime-a-cote-des-neiges\/#primaryimage\",\"url\":\"https:\/\/sdc-cotedesneiges.ca\/wp-content\/uploads\/2026\/07\/Lacombe_pietonne_j1_SoleneBroisin-WEB-46-scaled.jpg\",\"contentUrl\":\"https:\/\/sdc-cotedesneiges.ca\/wp-content\/uploads\/2026\/07\/Lacombe_pietonne_j1_SoleneBroisin-WEB-46-scaled.jpg\",\"width\":2560,\"height\":1707},{\"@type\":\"BreadcrumbList\",\"@id\":\"https:\/\/sdc-cotedesneiges.ca\/en\/5e-edition-anniversaire-de-lacombe-pietonne-la-rentree-sanime-a-cote-des-neiges\/#breadcrumb\",\"itemListElement\":[{\"@type\":\"ListItem\",\"position\":1,\"name\":\"Accueil\",\"item\":\"https:\/\/sdc-cotedesneiges.ca\/en\/\"},{\"@type\":\"ListItem\",\"position\":2,\"name\":\"5e \u00e9dition anniversaire de Lacombe pi\u00e9tonne : la rentr\u00e9e s\u2019anime \u00e0 C\u00f4te-des-Neiges !\"}]},{\"@type\":\"WebSite\",\"@id\":\"https:\/\/sdc-cotedesneiges.ca\/en\/#website\",\"url\":\"https:\/\/sdc-cotedesneiges.ca\/en\/\",\"name\":\"SDC C\u00f4te-des-Neiges\",\"description\":\"Organisme \u00e0 but non-lucratif cr\u00e9\u00e9 en 2018, la SDC C\u00f4te-des-Neiges regroupe 230 commer\u00e7ants et professionnels.\",\"publisher\":{\"@id\":\"https:\/\/sdc-cotedesneiges.ca\/en\/#organization\"},\"potentialAction\":[{\"@type\":\"SearchAction\",\"target\":{\"@type\":\"EntryPoint\",\"urlTemplate\":\"https:\/\/sdc-cotedesneiges.ca\/en\/?s={search_term_string}\"},\"query-input\":{\"@type\":\"PropertyValueSpecification\",\"valueRequired\":true,\"valueName\":\"search_term_string\"}}],\"inLanguage\":\"en-US\"},{\"@type\":\"Organization\",\"@id\":\"https:\/\/sdc-cotedesneiges.ca\/en\/#organization\",\"name\":\"SDC C\u00f4te-des-Neiges\",\"url\":\"https:\/\/sdc-cotedesneiges.ca\/en\/\",\"logo\":{\"@type\":\"ImageObject\",\"inLanguage\":\"en-US\",\"@id\":\"https:\/\/sdc-cotedesneiges.ca\/en\/#\/schema\/logo\/image\/\",\"url\":\"https:\/\/sdc-cotedesneiges.ca\/wp-content\/uploads\/2020\/05\/logo-sdc-cote-des-neiges.png\",\"contentUrl\":\"https:\/\/sdc-cotedesneiges.ca\/wp-content\/uploads\/2020\/05\/logo-sdc-cote-des-neiges.png\",\"width\":1221,\"height\":1290,\"caption\":\"SDC C\u00f4te-des-Neiges\"},\"image\":{\"@id\":\"https:\/\/sdc-cotedesneiges.ca\/en\/#\/schema\/logo\/image\/\"},\"sameAs\":[\"https:\/\/www.facebook.com\/sdc.cotedesneiges\/\",\"https:\/\/www.instagram.com\/sdc.cotedesneiges\/\",\"https:\/\/www.linkedin.com\/company\/sdc-cotedesneiges\/\"]},{\"@type\":\"Person\",\"@id\":\"https:\/\/sdc-cotedesneiges.ca\/en\/#\/schema\/person\/fb858af0cf51c6b73bc4ea850893ab86\",\"name\":\"SDC C\u00f4te-des-Neiges\",\"image\":{\"@type\":\"ImageObject\",\"inLanguage\":\"en-US\",\"@id\":\"https:\/\/sdc-cotedesneiges.ca\/en\/#\/schema\/person\/image\/\",\"url\":\"https:\/\/secure.gravatar.com\/avatar\/aca7c1cd9288a9014d0c9a396d303785?s=96&d=mm&r=g\",\"contentUrl\":\"https:\/\/secure.gravatar.com\/avatar\/aca7c1cd9288a9014d0c9a396d303785?s=96&d=mm&r=g\",\"caption\":\"SDC C\u00f4te-des-Neiges\"}}]}<\/script>\n<!-- \/ Yoast SEO plugin. -->","yoast_head_json":{"title":"5e \u00e9dition anniversaire de Lacombe pi\u00e9tonne : la rentr\u00e9e s\u2019anime \u00e0 C\u00f4te-des-Neiges ! - SDC C\u00f4te-des-Neiges","robots":{"index":"index","follow":"follow","max-snippet":"max-snippet:-1","max-image-preview":"max-image-preview:large","max-video-preview":"max-video-preview:-1"},"canonical":"https:\/\/sdc-cotedesneiges.ca\/en\/5e-edition-anniversaire-de-lacombe-pietonne-la-rentree-sanime-a-cote-des-neiges\/","og_locale":"en_US","og_type":"article","og_title":"5e \u00e9dition anniversaire de Lacombe pi\u00e9tonne : la rentr\u00e9e s\u2019anime \u00e0 C\u00f4te-des-Neiges ! - SDC C\u00f4te-des-Neiges","og_description":"Montr\u00e9al, le 31 ao\u00fbt 2026 \u2013 La SDC C\u00f4te-des-Neiges invite les m\u00e9dias et la population... Read More","og_url":"https:\/\/sdc-cotedesneiges.ca\/en\/5e-edition-anniversaire-de-lacombe-pietonne-la-rentree-sanime-a-cote-des-neiges\/","og_site_name":"SDC C\u00f4te-des-Neiges","article_publisher":"https:\/\/www.facebook.com\/sdc.cotedesneiges\/","article_published_time":"2026-09-02T13:21:52+00:00","article_modified_time":"2026-09-02T13:22:03+00:00","og_image":[{"width":2560,"height":1707,"url":"https:\/\/sdc-cotedesneiges.ca\/wp-content\/uploads\/2026\/07\/Lacombe_pietonne_j1_SoleneBroisin-WEB-46-scaled.jpg","type":"image\/jpeg"}],"author":"SDC C\u00f4te-des-Neiges","twitter_card":"summary_large_image","twitter_misc":{"Written by":"SDC C\u00f4te-des-Neiges","Est. reading time":"2 minutes"},"schema":{"@context":"https:\/\/schema.org","@graph":[{"@type":"Article","@id":"https:\/\/sdc-cotedesneiges.ca\/en\/5e-edition-anniversaire-de-lacombe-pietonne-la-rentree-sanime-a-cote-des-neiges\/#article","isPartOf":{"@id":"https:\/\/sdc-cotedesneiges.ca\/en\/5e-edition-anniversaire-de-lacombe-pietonne-la-rentree-sanime-a-cote-des-neiges\/"},"author":{"name":"SDC C\u00f4te-des-Neiges","@id":"https:\/\/sdc-cotedesneiges.ca\/en\/#\/schema\/person\/fb858af0cf51c6b73bc4ea850893ab86"},"headline":"5e \u00e9dition anniversaire de Lacombe pi\u00e9tonne : la rentr\u00e9e s\u2019anime \u00e0 C\u00f4te-des-Neiges !","datePublished":"2026-09-02T13:21:52+00:00","dateModified":"2026-09-02T13:22:03+00:00","mainEntityOfPage":{"@id":"https:\/\/sdc-cotedesneiges.ca\/en\/5e-edition-anniversaire-de-lacombe-pietonne-la-rentree-sanime-a-cote-des-neiges\/"},"wordCount":418,"publisher":{"@id":"https:\/\/sdc-cotedesneiges.ca\/en\/#organization"},"image":{"@id":"https:\/\/sdc-cotedesneiges.ca\/en\/5e-edition-anniversaire-de-lacombe-pietonne-la-rentree-sanime-a-cote-des-neiges\/#primaryimage"},"thumbnailUrl":"https:\/\/sdc-cotedesneiges.ca\/wp-content\/uploads\/2026\/07\/Lacombe_pietonne_j1_SoleneBroisin-WEB-46-scaled.jpg","articleSection":["News"],"inLanguage":"en-US"},{"@type":"WebPage","@id":"https:\/\/sdc-cotedesneiges.ca\/en\/5e-edition-anniversaire-de-lacombe-pietonne-la-rentree-sanime-a-cote-des-neiges\/","url":"https:\/\/sdc-cotedesneiges.ca\/en\/5e-edition-anniversaire-de-lacombe-pietonne-la-rentree-sanime-a-cote-des-neiges\/","name":"5e \u00e9dition anniversaire de Lacombe pi\u00e9tonne : la rentr\u00e9e s\u2019anime \u00e0 C\u00f4te-des-Neiges ! - SDC C\u00f4te-des-Neiges","isPartOf":{"@id":"https:\/\/sdc-cotedesneiges.ca\/en\/#website"},"primaryImageOfPage":{"@id":"https:\/\/sdc-cotedesneiges.ca\/en\/5e-edition-anniversaire-de-lacombe-pietonne-la-rentree-sanime-a-cote-des-neiges\/#primaryimage"},"image":{"@id":"https:\/\/sdc-cotedesneiges.ca\/en\/5e-edition-anniversaire-de-lacombe-pietonne-la-rentree-sanime-a-cote-des-neiges\/#primaryimage"},"thumbnailUrl":"https:\/\/sdc-cotedesneiges.ca\/wp-content\/uploads\/2026\/07\/Lacombe_pietonne_j1_SoleneBroisin-WEB-46-scaled.jpg","datePublished":"2026-09-02T13:21:52+00:00","dateModified":"2026-09-02T13:22:03+00:00","breadcrumb":{"@id":"https:\/\/sdc-cotedesneiges.ca\/en\/5e-edition-anniversaire-de-lacombe-pietonne-la-rentree-sanime-a-cote-des-neiges\/#breadcrumb"},"inLanguage":"en-US","potentialAction":[{"@type":"ReadAction","target":["https:\/\/sdc-cotedesneiges.ca\/en\/5e-edition-anniversaire-de-lacombe-pietonne-la-rentree-sanime-a-cote-des-neiges\/"]}]},{"@type":"ImageObject","inLanguage":"en-US","@id":"https:\/\/sdc-cotedesneiges.ca\/en\/5e-edition-anniversaire-de-lacombe-pietonne-la-rentree-sanime-a-cote-des-neiges\/#primaryimage","url":"https:\/\/sdc-cotedesneiges.ca\/wp-content\/uploads\/2026\/07\/Lacombe_pietonne_j1_SoleneBroisin-WEB-46-scaled.jpg","contentUrl":"https:\/\/sdc-cotedesneiges.ca\/wp-content\/uploads\/2026\/07\/Lacombe_pietonne_j1_SoleneBroisin-WEB-46-scaled.jpg","width":2560,"height":1707},{"@type":"BreadcrumbList","@id":"https:\/\/sdc-cotedesneiges.ca\/en\/5e-edition-anniversaire-de-lacombe-pietonne-la-rentree-sanime-a-cote-des-neiges\/#breadcrumb","itemListElement":[{"@type":"ListItem","position":1,"name":"Accueil","item":"https:\/\/sdc-cotedesneiges.ca\/en\/"},{"@type":"ListItem","position":2,"name":"5e \u00e9dition anniversaire de Lacombe pi\u00e9tonne : la rentr\u00e9e s\u2019anime \u00e0 C\u00f4te-des-Neiges !"}]},{"@type":"WebSite","@id":"https:\/\/sdc-cotedesneiges.ca\/en\/#website","url":"https:\/\/sdc-cotedesneiges.ca\/en\/","name":"SDC C\u00f4te-des-Neiges","description":"Organisme \u00e0 but non-lucratif cr\u00e9\u00e9 en 2018, la SDC C\u00f4te-des-Neiges regroupe 230 commer\u00e7ants et professionnels.","publisher":{"@id":"https:\/\/sdc-cotedesneiges.ca\/en\/#organization"},"potentialAction":[{"@type":"SearchAction","target":{"@type":"EntryPoint","urlTemplate":"https:\/\/sdc-cotedesneiges.ca\/en\/?s={search_term_string}"},"query-input":{"@type":"PropertyValueSpecification","valueRequired":true,"valueName":"search_term_string"}}],"inLanguage":"en-US"},{"@type":"Organization","@id":"https:\/\/sdc-cotedesneiges.ca\/en\/#organization","name":"SDC C\u00f4te-des-Neiges","url":"https:\/\/sdc-cotedesneiges.ca\/en\/","logo":{"@type":"ImageObject","inLanguage":"en-US","@id":"https:\/\/sdc-cotedesneiges.ca\/en\/#\/schema\/logo\/image\/","url":"https:\/\/sdc-cotedesneiges.ca\/wp-content\/uploads\/2020\/05\/logo-sdc-cote-des-neiges.png","contentUrl":"https:\/\/sdc-cotedesneiges.ca\/wp-content\/uploads\/2020\/05\/logo-sdc-cote-des-neiges.png","width":1221,"height":1290,"caption":"SDC C\u00f4te-des-Neiges"},"image":{"@id":"https:\/\/sdc-cotedesneiges.ca\/en\/#\/schema\/logo\/image\/"},"sameAs":["https:\/\/www.facebook.com\/sdc.cotedesneiges\/","https:\/\/www.instagram.com\/sdc.cotedesneiges\/","https:\/\/www.linkedin.com\/company\/sdc-cotedesneiges\/"]},{"@type":"Person","@id":"https:\/\/sdc-cotedesneiges.ca\/en\/#\/schema\/person\/fb858af0cf51c6b73bc4ea850893ab86","name":"SDC C\u00f4te-des-Neiges","image":{"@type":"ImageObject","inLanguage":"en-US","@id":"https:\/\/sdc-cotedesneiges.ca\/en\/#\/schema\/person\/image\/","url":"https:\/\/secure.gravatar.com\/avatar\/aca7c1cd9288a9014d0c9a396d303785?s=96&d=mm&r=g","contentUrl":"https:\/\/secure.gravatar.com\/avatar\/aca7c1cd9288a9014d0c9a396d303785?s=96&d=mm&r=g","caption":"SDC C\u00f4te-des-Neiges"}}]}},"_links":{"self":[{"href":"https:\/\/sdc-cotedesneiges.ca\/en\/wp-json\/wp\/v2\/posts\/28377","targetHints":{"allow":["GET"]}}],"collection":[{"href":"https:\/\/sdc-cotedesneiges.ca\/en\/wp-json\/wp\/v2\/posts"}],"about":[{"href":"https:\/\/sdc-cotedesneiges.ca\/en\/wp-json\/wp\/v2\/types\/post"}],"author":[{"embeddable":true,"href":"https:\/\/sdc-cotedesneiges.ca\/en\/wp-json\/wp\/v2\/users\/2"}],"replies":[{"embeddable":true,"href":"https:\/\/sdc-cotedesneiges.ca\/en\/wp-json\/wp\/v2\/comments?post=28377"}],"version-history":[{"count":1,"href":"https:\/\/sdc-cotedesneiges.ca\/en\/wp-json\/wp\/v2\/posts\/28377\/revisions"}],"predecessor-version":[{"id":28378,"href":"https:\/\/sdc-cotedesneiges.ca\/en\/wp-json\/wp\/v2\/posts\/28377\/revisions\/28378"}],"wp:featuredmedia":[{"embeddable":true,"href":"https:\/\/sdc-cotedesneiges.ca\/en\/wp-json\/wp\/v2\/media\/28065"}],"wp:attachment":[{"href":"https:\/\/sdc-cotedesneiges.ca\/en\/wp-json\/wp\/v2\/media?parent=28377"}],"wp:term":[{"taxonomy":"category","embeddable":true,"href":"https:\/\/sdc-cotedesneiges.ca\/en\/wp-json\/wp\/v2\/categories?post=28377"},{"taxonomy":"post_tag","embeddable":true,"href":"https:\/\/sdc-cotedesneiges.ca\/en\/wp-json\/wp\/v2\/tags?post=28377"}],"curies":[{"name":"wp","href":"https:\/\/api.w.org\/{rel}","templated":true}]}}